{"id":94004,"date":"2024-09-24T16:14:23","date_gmt":"2024-09-24T14:14:23","guid":{"rendered":"http:\/\/cannoni-conrad.com\/?p=94004"},"modified":"2024-10-07T10:49:04","modified_gmt":"2024-10-07T08:49:04","slug":"ecomondo-2024-est-a-portee-de-main","status":"publish","type":"post","link":"https:\/\/cannoni-conrad.com\/fr\/stories\/ecomondo-2024-e-alle-porte\/","title":{"rendered":"Ecomondo 2024 est \u00e0 port\u00e9e de main"},"content":{"rendered":"<div data-elementor-type=\"wp-post\" data-elementor-id=\"94004\" class=\"elementor elementor-94004\" data-elementor-post-type=\"post\">\n\t\t\t\t<div class=\"elementor-element elementor-element-1eb99dbd e-flex e-con-boxed e-con e-parent\" data-id=\"1eb99dbd\" data-element_type=\"container\" data-e-type=\"container\">\n\t\t\t\t\t<div class=\"e-con-inner\">\n\t\t\t\t<div class=\"elementor-element elementor-element-678d09de elementor-widget elementor-widget-text-editor\" data-id=\"678d09de\" data-element_type=\"widget\" data-e-type=\"widget\" data-widget_type=\"text-editor.default\">\n\t\t\t\t<div class=\"elementor-widget-container\">\n\t\t\t\t\t\t\t\t\t\n<p>5-8 novembre 2024<\/p>\n\t\t\t\t\t\t\t\t<\/div>\n\t\t\t\t<\/div>\n\t\t\t\t<div class=\"elementor-element elementor-element-ff2c2aa elementor-widget elementor-widget-text-editor\" data-id=\"ff2c2aa\" data-element_type=\"widget\" data-e-type=\"widget\" data-widget_type=\"text-editor.default\">\n\t\t\t\t<div class=\"elementor-widget-container\">\n\t\t\t\t\t\t\t\t\t<p>Ecomondo, \u00e9v\u00e9nement annuel de premier plan dans les secteurs de l'\u00e9conomie verte et circulaire, est le point de rencontre des industries, des parties prenantes, des d\u00e9cideurs politiques, des leaders d'opinion, du monde de la recherche et des institutions, et rassemble les \u00e9l\u00e9ments cl\u00e9s qui d\u00e9finissent les strat\u00e9gies de d\u00e9veloppement de la politique environnementale de l'Union europ\u00e9enne.<\/p>\t\t\t\t\t\t\t\t<\/div>\n\t\t\t\t<\/div>\n\t\t\t\t\t<\/div>\n\t\t\t\t<\/div>\n\t\t<div class=\"elementor-element elementor-element-dc1ad6e e-flex e-con-boxed e-con e-parent\" data-id=\"dc1ad6e\" data-element_type=\"container\" data-e-type=\"container\">\n\t\t\t\t\t<div class=\"e-con-inner\">\n\t\t<div class=\"elementor-element elementor-element-258373b e-grid e-con-full e-con e-child\" data-id=\"258373b\" data-element_type=\"container\" data-e-type=\"container\">\n\t\t\t\t<div class=\"elementor-element elementor-element-0aac88a elementor-widget elementor-widget-image\" data-id=\"0aac88a\" data-element_type=\"widget\" data-e-type=\"widget\" data-widget_type=\"image.default\">\n\t\t\t\t<div class=\"elementor-widget-container\">\n\t\t\t\t\t\t\t\t\t\t\t\t\t\t\t<img loading=\"lazy\" decoding=\"async\" width=\"300\" height=\"300\" src=\"https:\/\/cannoni-conrad.com\/wp-content\/uploads\/2024\/09\/ECOMONDO_300x300_animato.gif\" class=\"attachment-large size-large wp-image-94008\" alt=\"\" srcset=\"https:\/\/cannoni-conrad.com\/wp-content\/uploads\/2024\/09\/ECOMONDO_300x300_animato.gif 300w, https:\/\/cannoni-conrad.com\/wp-content\/uploads\/2024\/09\/ECOMONDO_300x300_animato-12x12.gif 12w, https:\/\/cannoni-conrad.com\/wp-content\/uploads\/2024\/09\/ECOMONDO_300x300_animato-100x100.gif 100w\" sizes=\"auto, (max-width: 300px) 100vw, 300px\" \/>\t\t\t\t\t\t\t\t\t\t\t\t\t\t\t<\/div>\n\t\t\t\t<\/div>\n\t\t\t\t<div class=\"elementor-element elementor-element-6501078 elementor-widget elementor-widget-text-editor\" data-id=\"6501078\" data-element_type=\"widget\" data-e-type=\"widget\" data-widget_type=\"text-editor.default\">\n\t\t\t\t<div class=\"elementor-widget-container\">\n\t\t\t\t\t\t\t\t\t<h3>CONRAD CANNONS<\/h3>\n<h3>vous attend<\/h3>\n<h3>Hall. C3 - stand n\u00b0 307<\/h3>\n<div>\u00a0<\/div>\n<h3>demandez votre billet gratuit \u00e0\u00a0<\/h3>\n<h3><a href=\"mailto:info@cannoni-conrad.it\">info@cannoni-conrad.it<\/a><\/h3>\t\t\t\t\t\t\t\t<\/div>\n\t\t\t\t<\/div>\n\t\t\t\t<\/div>\n\t\t\t\t\t<\/div>\n\t\t\t\t<\/div>\n\t\t\t\t<\/div>","protected":false},"excerpt":{"rendered":"<p>5-8 Novembre 2024 Ecomondo evento\u00a0annuale leader\u00a0nei settori della\u00a0green and circular economy, \u00e8 il punto di incontro tra industrie,\u00a0stakeholder,\u00a0policy maker,\u00a0opinion leader, mondo della ricerca e delle istituzioni e mette a sistema gli elementi chiave che definiscono le strategie di sviluppo della politica ambientale dell\u2019Unione Europea. CANNONI CONRAD ti aspetta Pad. C3 &#8211; stand n. 307 \u00a0 [&hellip;]<\/p>\n","protected":false},"author":2,"featured_media":94048,"comment_status":"closed","ping_status":"closed","sticky":false,"template":"","format":"standard","meta":{"_acf_changed":false,"footnotes":""},"categories":[880],"tags":[1155,1326,1156],"class_list":["post-94004","post","type-post","status-publish","format-standard","has-post-thumbnail","hentry","category-eventi","tag-ecomondo","tag-ecomondo-2024","tag-ecomondo-rimini"],"acf":[],"_links":{"self":[{"href":"https:\/\/cannoni-conrad.com\/fr\/wp-json\/wp\/v2\/posts\/94004","targetHints":{"allow":["GET"]}}],"collection":[{"href":"https:\/\/cannoni-conrad.com\/fr\/wp-json\/wp\/v2\/posts"}],"about":[{"href":"https:\/\/cannoni-conrad.com\/fr\/wp-json\/wp\/v2\/types\/post"}],"author":[{"embeddable":true,"href":"https:\/\/cannoni-conrad.com\/fr\/wp-json\/wp\/v2\/users\/2"}],"replies":[{"embeddable":true,"href":"https:\/\/cannoni-conrad.com\/fr\/wp-json\/wp\/v2\/comments?post=94004"}],"version-history":[{"count":0,"href":"https:\/\/cannoni-conrad.com\/fr\/wp-json\/wp\/v2\/posts\/94004\/revisions"}],"wp:featuredmedia":[{"embeddable":true,"href":"https:\/\/cannoni-conrad.com\/fr\/wp-json\/wp\/v2\/media\/94048"}],"wp:attachment":[{"href":"https:\/\/cannoni-conrad.com\/fr\/wp-json\/wp\/v2\/media?parent=94004"}],"wp:term":[{"taxonomy":"category","embeddable":true,"href":"https:\/\/cannoni-conrad.com\/fr\/wp-json\/wp\/v2\/categories?post=94004"},{"taxonomy":"post_tag","embeddable":true,"href":"https:\/\/cannoni-conrad.com\/fr\/wp-json\/wp\/v2\/tags?post=94004"}],"curies":[{"name":"wp","href":"https:\/\/api.w.org\/{rel}","templated":true}]}}