{"id":96382,"date":"2025-11-19T17:35:12","date_gmt":"2025-11-19T16:35:12","guid":{"rendered":"https:\/\/cannoni-conrad.com\/?p=96382"},"modified":"2025-11-21T17:19:47","modified_gmt":"2025-11-21T16:19:47","slug":"ecomondo-2025-otra-edicion-para-enmarcar","status":"publish","type":"post","link":"https:\/\/cannoni-conrad.com\/es\/stories\/ecomondo-2025-unaltra-edizione-da-incorniciare\/","title":{"rendered":"Ecomondo 2025: otra edici\u00f3n para enmarcar"},"content":{"rendered":"<div data-elementor-type=\"wp-post\" data-elementor-id=\"96382\" class=\"elementor elementor-96382\" data-elementor-post-type=\"post\">\n\t\t\t\t<div class=\"elementor-element elementor-element-7beeda02 e-flex e-con-boxed e-con e-parent\" data-id=\"7beeda02\" data-element_type=\"container\" data-e-type=\"container\">\n\t\t\t\t\t<div class=\"e-con-inner\">\n\t\t\t\t<div class=\"elementor-element elementor-element-8078e3e elementor-widget elementor-widget-image\" data-id=\"8078e3e\" data-element_type=\"widget\" data-e-type=\"widget\" data-widget_type=\"image.default\">\n\t\t\t\t<div class=\"elementor-widget-container\">\n\t\t\t\t\t\t\t\t\t\t\t\t\t\t\t<img loading=\"lazy\" decoding=\"async\" width=\"800\" height=\"600\" src=\"https:\/\/cannoni-conrad.com\/wp-content\/uploads\/2025\/11\/Stand-Ecomondo-2025-dimensioni-grandi-1200x900.jpeg\" class=\"attachment-large size-large wp-image-96460\" alt=\"\" srcset=\"https:\/\/cannoni-conrad.com\/wp-content\/uploads\/2025\/11\/Stand-Ecomondo-2025-dimensioni-grandi-1200x900.jpeg 1200w, https:\/\/cannoni-conrad.com\/wp-content\/uploads\/2025\/11\/Stand-Ecomondo-2025-dimensioni-grandi-650x488.jpeg 650w, https:\/\/cannoni-conrad.com\/wp-content\/uploads\/2025\/11\/Stand-Ecomondo-2025-dimensioni-grandi-768x576.jpeg 768w, https:\/\/cannoni-conrad.com\/wp-content\/uploads\/2025\/11\/Stand-Ecomondo-2025-dimensioni-grandi-16x12.jpeg 16w, https:\/\/cannoni-conrad.com\/wp-content\/uploads\/2025\/11\/Stand-Ecomondo-2025-dimensioni-grandi-800x600.jpeg 800w, https:\/\/cannoni-conrad.com\/wp-content\/uploads\/2025\/11\/Stand-Ecomondo-2025-dimensioni-grandi.jpeg 1280w\" sizes=\"auto, (max-width: 800px) 100vw, 800px\" \/>\t\t\t\t\t\t\t\t\t\t\t\t\t\t\t<\/div>\n\t\t\t\t<\/div>\n\t\t\t\t<div class=\"elementor-element elementor-element-75e9f5c elementor-widget elementor-widget-text-editor\" data-id=\"75e9f5c\" data-element_type=\"widget\" data-e-type=\"widget\" data-widget_type=\"text-editor.default\">\n\t\t\t\t<div class=\"elementor-widget-container\">\n\t\t\t\t\t\t\t\t\t<p data-start=\"114\" data-end=\"193\"><strong>Nuestro d\u00e9cimo a\u00f1o en Ecomondo: una edici\u00f3n r\u00e9cord y nuevos horizontes para Cannoni Conrad<\/strong><\/p><p data-start=\"178\" data-end=\"404\">Este a\u00f1o, Ecomondo ha tenido un significado muy especial para nosotros: era nuestra <strong data-start=\"262\" data-end=\"272\">d\u00e9cima<\/strong> participaci\u00f3n, un logro que celebramos con gran entusiasmo, y la edici\u00f3n de 2025 no ha defraudado sus expectativas.<\/p><p data-start=\"406\" data-end=\"750\">Del 4 al 7 de noviembre, en la Feria de R\u00edmini, Ecomondo ha vuelto a confirmar Su papel central en la econom\u00eda circular y en la transici\u00f3n ecol\u00f3gica: con m\u00e1s de 1700 expositores, una amplia superficie expositiva y delegaciones internacionales procedentes de decenas de pa\u00edses, es una plataforma estrat\u00e9gica para establecer contactos e innovar.<\/p><p data-start=\"500\" data-end=\"979\">Durante el evento, presentamos con orgullo el <a href=\"https:\/\/cannoni-conrad.com\/es\/supresion-de-polvo-2\/canones-atomizadores\/conrad-plus\/titan-conrad\/\"><strong data-start=\"814\" data-end=\"837\">nuevo ca\u00f1\u00f3n Titan<\/strong><\/a>, un modelo compacto pero potente que supone un importante avance en nuestra gama. El Titan est\u00e1 equipado con automatismos avanzados: puede girar electr\u00f3nicamente desde <strong data-start=\"1006\" data-end=\"1019\">0 \u00b0C a 230 \u00b0C<\/strong> e inclinarse verticalmente hasta <strong data-start=\"1054\" data-end=\"1061\">45\u00b0<\/strong>, gracias a su turbina automatizada.\u00a0<\/p><p data-start=\"500\" data-end=\"979\">Esta configuraci\u00f3n permite operar con <strong data-start=\"1148\" data-end=\"1199\">alta velocidad y una precisi\u00f3n extraordinaria<\/strong>, incluso en espacios reducidos o en posiciones cr\u00edticas, lo que hace que la Titan sea ideal para el sector de la demolici\u00f3n y para las obras m\u00e1s exigentes. Su alcance (en las versiones PLUS y POWER), junto con un consumo relativamente bajo, refleja realmente nuestro esfuerzo por combinar practicidad y eficiencia.<\/p>\t\t\t\t\t\t\t\t<\/div>\n\t\t\t\t<\/div>\n\t\t\t\t<div class=\"elementor-element elementor-element-b6343f1 elementor-widget elementor-widget-image\" data-id=\"b6343f1\" data-element_type=\"widget\" data-e-type=\"widget\" data-widget_type=\"image.default\">\n\t\t\t\t<div class=\"elementor-widget-container\">\n\t\t\t\t\t\t\t\t\t\t\t\t\t\t\t<img loading=\"lazy\" decoding=\"async\" width=\"800\" height=\"1067\" src=\"https:\/\/cannoni-conrad.com\/wp-content\/uploads\/2025\/11\/Stand-Ecomondo-2025-3-dimensioni-grandi-900x1200.jpeg\" class=\"attachment-large size-large wp-image-96459\" alt=\"\" srcset=\"https:\/\/cannoni-conrad.com\/wp-content\/uploads\/2025\/11\/Stand-Ecomondo-2025-3-dimensioni-grandi-900x1200.jpeg 900w, https:\/\/cannoni-conrad.com\/wp-content\/uploads\/2025\/11\/Stand-Ecomondo-2025-3-dimensioni-grandi-488x650.jpeg 488w, https:\/\/cannoni-conrad.com\/wp-content\/uploads\/2025\/11\/Stand-Ecomondo-2025-3-dimensioni-grandi-768x1024.jpeg 768w, https:\/\/cannoni-conrad.com\/wp-content\/uploads\/2025\/11\/Stand-Ecomondo-2025-3-dimensioni-grandi-9x12.jpeg 9w, https:\/\/cannoni-conrad.com\/wp-content\/uploads\/2025\/11\/Stand-Ecomondo-2025-3-dimensioni-grandi-800x1067.jpeg 800w, https:\/\/cannoni-conrad.com\/wp-content\/uploads\/2025\/11\/Stand-Ecomondo-2025-3-dimensioni-grandi.jpeg 960w\" sizes=\"auto, (max-width: 800px) 100vw, 800px\" \/>\t\t\t\t\t\t\t\t\t\t\t\t\t\t\t<\/div>\n\t\t\t\t<\/div>\n\t\t\t\t<div class=\"elementor-element elementor-element-407ebf1 elementor-widget elementor-widget-text-editor\" data-id=\"407ebf1\" data-element_type=\"widget\" data-e-type=\"widget\" data-widget_type=\"text-editor.default\">\n\t\t\t\t<div class=\"elementor-widget-container\">\n\t\t\t\t\t\t\t\t\t<p data-start=\"981\" data-end=\"1450\">Otro protagonista muy apreciado en nuestro stand fue <a href=\"https:\/\/cannoni-conrad.com\/es\/supresion-de-polvo-2\/sistemas-autonomos\/estacion-autonoma-conrad-phoenix-3\/\">la estaci\u00f3n aut\u00f3noma <strong data-start=\"1625\" data-end=\"1634\">HYDRA<\/strong><\/a>. Equipado con un ca\u00f1\u00f3n nebulizador (normalmente la versi\u00f3n Phoenix Power), un dep\u00f3sito de <strong data-start=\"1729\" data-end=\"1744\">1.000 litros<\/strong> y un generador integrado, HYDRA ha vuelto a demostrar su utilidad para el control del polvo en lugares remotos o de dif\u00edcil acceso. Su configuraci\u00f3n aut\u00f3noma y su m\u00e1stil telesc\u00f3pico le confieren una gran flexibilidad operativa, muy apreciada por el mercado.<\/p><p data-start=\"981\" data-end=\"1450\">En Ecomondo hemos recogido <strong data-start=\"2106\" data-end=\"2138\">excelentes resultados comerciales<\/strong>: muchos nuevos contactos de los dos sectores clave en los que operamos \u2014demoliciones y gesti\u00f3n\/reciclaje de residuos\u2014 y un gran inter\u00e9s por nuestra l\u00ednea compacta. De hecho, el sector valora cada vez m\u00e1s nuestra gama compacta porque combina <strong data-start=\"2391\" data-end=\"2414\">potencia y practicidad<\/strong>, es f\u00e1cil de transportar, tiene un consumo reducido y ofrece un rendimiento superior a la media. Esta combinaci\u00f3n ha resultado ganadora en el di\u00e1logo con los clientes potenciales, que ven en nosotros un socio capaz de proporcionar soluciones flexibles y vanguardistas.<\/p>\t\t\t\t\t\t\t\t<\/div>\n\t\t\t\t<\/div>\n\t\t\t\t<div class=\"elementor-element elementor-element-8a820f8 elementor-widget elementor-widget-text-editor\" data-id=\"8a820f8\" data-element_type=\"widget\" data-e-type=\"widget\" data-widget_type=\"text-editor.default\">\n\t\t\t\t<div class=\"elementor-widget-container\">\n\t\t\t\t\t\t\t\t\t<h2>\u00a1NOS VEMOS PRONTO EN IFAT M\u00daNICH 2026!<\/h2>\t\t\t\t\t\t\t\t<\/div>\n\t\t\t\t<\/div>\n\t\t\t\t<div class=\"elementor-element elementor-element-92bc3d8 elementor-widget elementor-widget-image\" data-id=\"92bc3d8\" data-element_type=\"widget\" data-e-type=\"widget\" data-widget_type=\"image.default\">\n\t\t\t\t<div class=\"elementor-widget-container\">\n\t\t\t\t\t\t\t\t\t\t\t\t\t\t\t<img loading=\"lazy\" decoding=\"async\" width=\"800\" height=\"600\" src=\"https:\/\/cannoni-conrad.com\/wp-content\/uploads\/2025\/11\/Stand-Ecomondo-2025-2-dimensioni-grandi-1200x900.jpeg\" class=\"attachment-large size-large wp-image-96458\" alt=\"\" srcset=\"https:\/\/cannoni-conrad.com\/wp-content\/uploads\/2025\/11\/Stand-Ecomondo-2025-2-dimensioni-grandi-1200x900.jpeg 1200w, https:\/\/cannoni-conrad.com\/wp-content\/uploads\/2025\/11\/Stand-Ecomondo-2025-2-dimensioni-grandi-650x488.jpeg 650w, https:\/\/cannoni-conrad.com\/wp-content\/uploads\/2025\/11\/Stand-Ecomondo-2025-2-dimensioni-grandi-768x576.jpeg 768w, https:\/\/cannoni-conrad.com\/wp-content\/uploads\/2025\/11\/Stand-Ecomondo-2025-2-dimensioni-grandi-16x12.jpeg 16w, https:\/\/cannoni-conrad.com\/wp-content\/uploads\/2025\/11\/Stand-Ecomondo-2025-2-dimensioni-grandi-800x600.jpeg 800w, https:\/\/cannoni-conrad.com\/wp-content\/uploads\/2025\/11\/Stand-Ecomondo-2025-2-dimensioni-grandi.jpeg 1280w\" sizes=\"auto, (max-width: 800px) 100vw, 800px\" \/>\t\t\t\t\t\t\t\t\t\t\t\t\t\t\t<\/div>\n\t\t\t\t<\/div>\n\t\t\t\t<div class=\"elementor-element elementor-element-a2c006e elementor-widget elementor-widget-text-editor\" data-id=\"a2c006e\" data-element_type=\"widget\" data-e-type=\"widget\" data-widget_type=\"text-editor.default\">\n\t\t\t\t<div class=\"elementor-widget-container\">\n\t\t\t\t\t\t\t\t\t<p><a href=\"https:\/\/exhibitors.ifat.de\/company\/1474441\" target=\"_blank\" rel=\"noopener\"><img loading=\"lazy\" decoding=\"async\" src=\"https:\/\/pbanner-aws.nfm-mediashop.de\/img\/banners\/08b90b1e80adf2be_2076_B4_527_en.jpg\" width=\"728\" height=\"90\" border=\"0\" \/><\/a><\/p>\t\t\t\t\t\t\t\t<\/div>\n\t\t\t\t<\/div>\n\t\t\t\t<div class=\"elementor-element elementor-element-d4ed1a2 elementor-widget elementor-widget-video\" data-id=\"d4ed1a2\" data-element_type=\"widget\" data-e-type=\"widget\" data-settings=\"{&quot;youtube_url&quot;:&quot;https:\\\/\\\/www.youtube.com\\\/watch?v=5rnHe3g34wM&quot;,&quot;video_type&quot;:&quot;youtube&quot;,&quot;controls&quot;:&quot;yes&quot;}\" data-widget_type=\"video.default\">\n\t\t\t\t<div class=\"elementor-widget-container\">\n\t\t\t\t\t\t\t<div class=\"elementor-wrapper elementor-open-inline\">\n\t\t\t<div class=\"elementor-video\"><\/div>\t\t<\/div>\n\t\t\t\t\t\t<\/div>\n\t\t\t\t<\/div>\n\t\t\t\t<div class=\"elementor-element elementor-element-f4575e7 elementor-widget elementor-widget-text-editor\" data-id=\"f4575e7\" data-element_type=\"widget\" data-e-type=\"widget\" data-widget_type=\"text-editor.default\">\n\t\t\t\t<div class=\"elementor-widget-container\">\n\t\t\t\t\t\t\t\t\t<p data-start=\"981\" data-end=\"1450\">Nuestra participaci\u00f3n fue un \u00e9xito en muchos aspectos. Registramos <strong data-start=\"1073\" data-end=\"1097\">excelentes resultados<\/strong>, en particular con un flujo constante de nuevos contactos y clientes potenciales, en los dos sectores clave en los que operamos: la demolici\u00f3n y la gesti\u00f3n\/reciclaje de residuos. Muchos interlocutores han mostrado inter\u00e9s en nuestras soluciones, tanto para actividades de eliminaci\u00f3n como de reciclaje, perdiendo de vista oportunidades concretas de colaboraci\u00f3n.<\/p><p data-start=\"2671\" data-end=\"3177\">En este d\u00e9cimo a\u00f1o de presencia en Ecomondo, tambi\u00e9n estamos muy satisfechos con el perfil internacional del evento: los numerosos <strong data-start=\"2807\" data-end=\"2826\">contactos en el extranjero<\/strong> Las delegaciones internacionales presentes nos han abierto nuevas posibilidades de cooperaci\u00f3n y exportaci\u00f3n. Es especialmente alentador ver c\u00f3mo nuestras innovaciones, como el Titan y la estaci\u00f3n Hydra, despiertan inter\u00e9s no solo en Italia, sino tambi\u00e9n en los mercados extranjeros, lo que confirma que nuestra estrategia de crecimiento europeo va por buen camino.<\/p><p data-start=\"3179\" data-end=\"3632\">De cara al futuro, nos complace anunciar nuestra pr\u00f3xima gran feria: <strong data-start=\"3282\" data-end=\"3297\">IFAT M\u00fanich<\/strong>, en mayo. Ser\u00e1 una nueva oportunidad para presentar el Titan, la estaci\u00f3n Hydra y toda nuestra gama compacta. Estamos listos para seguir tendiendo puentes internacionales y consolidando nuestra posici\u00f3n como l\u00edderes en tecnolog\u00eda de eliminaci\u00f3n de polvo, demolici\u00f3n sostenible y gesti\u00f3n circular de residuos.<\/p><p data-start=\"3634\" data-end=\"4066\">En conclusi\u00f3n, Ecomondo 2025 ha sido para Cannoni Conrad una edici\u00f3n de <strong data-start=\"3706\" data-end=\"3742\">crecimiento, innovaci\u00f3n y confirmaci\u00f3n<\/strong>: el d\u00e9cimo a\u00f1o no es solo un hito, sino un punto de partida para una nueva fase de expansi\u00f3n. Agradecemos a todos los visitantes, a los clientes nuevos y existentes, y a los socios internacionales con los que hemos dialogado. Estamos deseando convertir estos contactos en proyectos concretos para un futuro m\u00e1s verde y sostenible.<\/p>\t\t\t\t\t\t\t\t<\/div>\n\t\t\t\t<\/div>\n\t\t\t\t\t<\/div>\n\t\t\t\t<\/div>\n\t\t\t\t<\/div>","protected":false},"excerpt":{"rendered":"<p>No solo por el n\u00famero de contactos y oportunidades, sino tambi\u00e9n por c\u00f3mo estamos creciendo como empresa en el panorama europeo de la econom\u00eda verde.<\/p>","protected":false},"author":2,"featured_media":96380,"comment_status":"closed","ping_status":"closed","sticky":false,"template":"","format":"standard","meta":{"_acf_changed":false,"footnotes":""},"categories":[928],"tags":[953,952,1345,1334,1350,1368,1155,1299,1029,1344,1346],"class_list":["post-96382","post","type-post","status-publish","format-standard","has-post-thumbnail","hentry","category-esperienza","tag-abbattimento-odori","tag-abbattimento-polvere","tag-barriera-nebulizzante","tag-consegna-e-formazione-di-un-cannone-abbattimento-polveri","tag-controllo-polveri","tag-ecomodo-rimini","tag-ecomondo","tag-nebulizzazione","tag-sistema-abbattimento-polveri","tag-sistema-di-nebulizzazione","tag-tenda-nebulizzante"],"acf":[],"_links":{"self":[{"href":"https:\/\/cannoni-conrad.com\/es\/wp-json\/wp\/v2\/posts\/96382","targetHints":{"allow":["GET"]}}],"collection":[{"href":"https:\/\/cannoni-conrad.com\/es\/wp-json\/wp\/v2\/posts"}],"about":[{"href":"https:\/\/cannoni-conrad.com\/es\/wp-json\/wp\/v2\/types\/post"}],"author":[{"embeddable":true,"href":"https:\/\/cannoni-conrad.com\/es\/wp-json\/wp\/v2\/users\/2"}],"replies":[{"embeddable":true,"href":"https:\/\/cannoni-conrad.com\/es\/wp-json\/wp\/v2\/comments?post=96382"}],"version-history":[{"count":0,"href":"https:\/\/cannoni-conrad.com\/es\/wp-json\/wp\/v2\/posts\/96382\/revisions"}],"wp:featuredmedia":[{"embeddable":true,"href":"https:\/\/cannoni-conrad.com\/es\/wp-json\/wp\/v2\/media\/96380"}],"wp:attachment":[{"href":"https:\/\/cannoni-conrad.com\/es\/wp-json\/wp\/v2\/media?parent=96382"}],"wp:term":[{"taxonomy":"category","embeddable":true,"href":"https:\/\/cannoni-conrad.com\/es\/wp-json\/wp\/v2\/categories?post=96382"},{"taxonomy":"post_tag","embeddable":true,"href":"https:\/\/cannoni-conrad.com\/es\/wp-json\/wp\/v2\/tags?post=96382"}],"curies":[{"name":"wp","href":"https:\/\/api.w.org\/{rel}","templated":true}]}}