{"id":92778,"date":"2023-06-19T10:05:00","date_gmt":"2023-06-19T08:05:00","guid":{"rendered":"http:\/\/cannoni-conrad.com\/?p=92778"},"modified":"2025-06-16T18:58:15","modified_gmt":"2025-06-16T16:58:15","slug":"reduccion-del-polvo-con-conrad-c72-en-una-central-termica","status":"publish","type":"post","link":"https:\/\/cannoni-conrad.com\/es\/stories\/alla-centrale-termoelettrica-si-abbattono-le-polveri-con-conrad-c72\/","title":{"rendered":"Conrad C72 supresi\u00f3n de polvo en central t\u00e9rmica"},"content":{"rendered":"<div data-elementor-type=\"wp-post\" data-elementor-id=\"92778\" class=\"elementor elementor-92778\" data-elementor-post-type=\"post\">\n\t\t\t\t<div class=\"elementor-element elementor-element-ad7dcc7 e-flex e-con-boxed e-con e-parent\" data-id=\"ad7dcc7\" data-element_type=\"container\" data-e-type=\"container\">\n\t\t\t\t\t<div class=\"e-con-inner\">\n\t\t\t\t<div class=\"elementor-element elementor-element-44a908e elementor-widget elementor-widget-text-editor\" data-id=\"44a908e\" data-element_type=\"widget\" data-e-type=\"widget\" data-widget_type=\"text-editor.default\">\n\t\t\t\t<div class=\"elementor-widget-container\">\n\t\t\t\t\t\t\t\t\t<p>En las dos secciones de carb\u00f3n de la central, el <strong>Instalaciones DeSOx<\/strong>\u00a0para el<strong>reducci\u00f3n de las emisiones de SO2<\/strong>mientras que desde el 1 de enero de 2016, el\u00a0<strong>DeNOx<\/strong>\u00a0para el<strong>reducci\u00f3n de las emisiones de NOx<\/strong>. Desde 2023, la central el\u00e9ctrica est\u00e1 equipada con dos colectores de polvo Conrad c72 para contener a\u00fan m\u00e1s el polvo procedente de este f\u00f3sil.<\/p>\t\t\t\t\t\t\t\t<\/div>\n\t\t\t\t<\/div>\n\t\t\t\t<div class=\"elementor-element elementor-element-4020098 elementor-widget elementor-widget-video\" data-id=\"4020098\" data-element_type=\"widget\" data-e-type=\"widget\" data-settings=\"{&quot;youtube_url&quot;:&quot;https:\\\/\\\/www.youtube.com\\\/watch?v=Vw1-N_cPzzo&amp;t=12s&quot;,&quot;video_type&quot;:&quot;youtube&quot;,&quot;controls&quot;:&quot;yes&quot;}\" data-widget_type=\"video.default\">\n\t\t\t\t<div class=\"elementor-widget-container\">\n\t\t\t\t\t\t\t<div class=\"elementor-wrapper elementor-open-inline\">\n\t\t\t<div class=\"elementor-video\"><\/div>\t\t<\/div>\n\t\t\t\t\t\t<\/div>\n\t\t\t\t<\/div>\n\t\t\t\t<div class=\"elementor-element elementor-element-5b75fa5 elementor-widget elementor-widget-text-editor\" data-id=\"5b75fa5\" data-element_type=\"widget\" data-e-type=\"widget\" data-widget_type=\"text-editor.default\">\n\t\t\t\t<div class=\"elementor-widget-container\">\n\t\t\t\t\t\t\t\t\t<p>\ud83d\udca8Conrad C72 pulverizadores sobre ruedas en la central t\u00e9rmica para descomponer el polvo de carb\u00f3n:<\/p><p>\ud83d\udca760 boquillas en una corona de aluminio calentada en funcionamiento bajo cero<\/p><p>Alcance \ud83d\udcaa70 m<\/p><p>\ud83c\udf2c\ufe0fMotore Bomba de 18 kW<\/p><p>\u23f1\ufe0fPressione funcionamiento: 10-15 bar<\/p><p>\ud83d\udcbbPLC para la gesti\u00f3n de la automatizaci\u00f3n:<\/p><p>- rotaci\u00f3n programable de 0\u00b0 a 340<\/p><p>- inclinaci\u00f3n -20% +45% autom\u00e1tica<\/p><p>- selecci\u00f3n de boquillas activas 20+20+20<\/p><p>- programaci\u00f3n del ciclo de trabajo y temporizador diario\/semanal.<\/p><p>Equipado con:<\/p><p>\u2699\ufe0fcarrello con 3 ruedas neum\u00e1ticas, 2 estabilizadores y una barra de tracci\u00f3n<\/p><p>\ud83d\udcf1Autec Mando a distancia de 12 teclas<\/p>\t\t\t\t\t\t\t\t<\/div>\n\t\t\t\t<\/div>\n\t\t\t\t\t<\/div>\n\t\t\t\t<\/div>\n\t\t\t\t<\/div>","protected":false},"excerpt":{"rendered":"<p>Nelle due sezioni a carbone della centrale termoelettrica sono in servizio in servizio gli impianti DeSOx\u00a0per l\u2019abbattimento delle emissioni di SO2, mentre dal 1\u00b0 gennaio 2016 sono in regolare servizio anche i\u00a0DeNOx\u00a0per l\u2019abbattimento delle emissioni di NOx. Dal 2023 la Centrale termoelettrica si \u00e8 dotata di n.2 abbattitori di polvere Conrad c72 per contenere ulteriormente [&hellip;]<\/p>\n","protected":false},"author":2,"featured_media":96236,"comment_status":"open","ping_status":"open","sticky":false,"template":"","format":"standard","meta":{"_acf_changed":false,"footnotes":""},"categories":[968],"tags":[],"class_list":["post-92778","post","type-post","status-publish","format-standard","has-post-thumbnail","hentry","category-conrad-c72"],"acf":[],"_links":{"self":[{"href":"https:\/\/cannoni-conrad.com\/es\/wp-json\/wp\/v2\/posts\/92778","targetHints":{"allow":["GET"]}}],"collection":[{"href":"https:\/\/cannoni-conrad.com\/es\/wp-json\/wp\/v2\/posts"}],"about":[{"href":"https:\/\/cannoni-conrad.com\/es\/wp-json\/wp\/v2\/types\/post"}],"author":[{"embeddable":true,"href":"https:\/\/cannoni-conrad.com\/es\/wp-json\/wp\/v2\/users\/2"}],"replies":[{"embeddable":true,"href":"https:\/\/cannoni-conrad.com\/es\/wp-json\/wp\/v2\/comments?post=92778"}],"version-history":[{"count":0,"href":"https:\/\/cannoni-conrad.com\/es\/wp-json\/wp\/v2\/posts\/92778\/revisions"}],"wp:featuredmedia":[{"embeddable":true,"href":"https:\/\/cannoni-conrad.com\/es\/wp-json\/wp\/v2\/media\/96236"}],"wp:attachment":[{"href":"https:\/\/cannoni-conrad.com\/es\/wp-json\/wp\/v2\/media?parent=92778"}],"wp:term":[{"taxonomy":"category","embeddable":true,"href":"https:\/\/cannoni-conrad.com\/es\/wp-json\/wp\/v2\/categories?post=92778"},{"taxonomy":"post_tag","embeddable":true,"href":"https:\/\/cannoni-conrad.com\/es\/wp-json\/wp\/v2\/tags?post=92778"}],"curies":[{"name":"wp","href":"https:\/\/api.w.org\/{rel}","templated":true}]}}