{"id":92227,"date":"2023-06-07T13:57:08","date_gmt":"2023-06-07T11:57:08","guid":{"rendered":"http:\/\/cannoni-conrad.com\/?p=92227"},"modified":"2023-06-07T14:17:20","modified_gmt":"2023-06-07T12:17:20","slug":"we-present-a-ire-2023-mecc-maastricht","status":"publish","type":"post","link":"https:\/\/cannoni-conrad.com\/es\/stories\/siamo-presenti-a-ire-2023-mecc-maastricht\/","title":{"rendered":"Estamos presentes en IRE 2023 - MECC Maastricht"},"content":{"rendered":"<div data-elementor-type=\"wp-post\" data-elementor-id=\"92227\" class=\"elementor elementor-92227\" data-elementor-post-type=\"post\">\n\t\t\t\t<div class=\"elementor-element elementor-element-0b1027f e-flex e-con-boxed e-con e-parent\" data-id=\"0b1027f\" data-element_type=\"container\" data-e-type=\"container\">\n\t\t\t\t\t<div class=\"e-con-inner\">\n\t\t\t\t<div class=\"elementor-element elementor-element-bf17d2f elementor-widget elementor-widget-image\" data-id=\"bf17d2f\" data-element_type=\"widget\" data-e-type=\"widget\" data-widget_type=\"image.default\">\n\t\t\t\t<div class=\"elementor-widget-container\">\n\t\t\t\t\t\t\t\t\t\t\t\t\t\t\t<img loading=\"lazy\" decoding=\"async\" width=\"355\" height=\"452\" src=\"https:\/\/cannoni-conrad.com\/wp-content\/uploads\/2023\/06\/firma-maastricht-conrad.jpg\" class=\"attachment-large size-large wp-image-92230\" alt=\"\" srcset=\"https:\/\/cannoni-conrad.com\/wp-content\/uploads\/2023\/06\/firma-maastricht-conrad.jpg 355w, https:\/\/cannoni-conrad.com\/wp-content\/uploads\/2023\/06\/firma-maastricht-conrad-9x12.jpg 9w\" sizes=\"auto, (max-width: 355px) 100vw, 355px\" \/>\t\t\t\t\t\t\t\t\t\t\t\t\t\t\t<\/div>\n\t\t\t\t<\/div>\n\t\t\t\t<div class=\"elementor-element elementor-element-363ce66 elementor-widget elementor-widget-text-editor\" data-id=\"363ce66\" data-element_type=\"widget\" data-e-type=\"widget\" data-widget_type=\"text-editor.default\">\n\t\t\t\t<div class=\"elementor-widget-container\">\n\t\t\t\t\t\t\t\t\t<p>El Sal\u00f3n Internacional del Alquiler (<strong>IRE<\/strong>) y la Exposici\u00f3n de Plataformas A\u00e9reas (<strong>Apex<\/strong>) se preparan para hacer su regreso\u00a0<strong>Del 6 al 8 de junio<\/strong>\u00a0en la ubicaci\u00f3n tradicional del MECC en Maastricht.<\/p><p>Es posible<strong>\u00a0reg\u00edstrese gratis<\/strong>\u00a0a Apex e IRE en sus respectivas p\u00e1ginas web. La inscripci\u00f3n en una de las dos ferias concede tambi\u00e9n la entrada a la otra.<\/p><p>Una cita ineludible para los arrendatarios de todo el mundo.<\/p>\t\t\t\t\t\t\t\t<\/div>\n\t\t\t\t<\/div>\n\t\t\t\t\t<\/div>\n\t\t\t\t<\/div>\n\t\t<div class=\"elementor-element elementor-element-7e87cc6 e-flex e-con-boxed e-con e-parent\" data-id=\"7e87cc6\" data-element_type=\"container\" data-e-type=\"container\">\n\t\t\t\t\t<div class=\"e-con-inner\">\n\t\t\t\t<div class=\"elementor-element elementor-element-ac8d460 elementor-widget elementor-widget-image\" data-id=\"ac8d460\" data-element_type=\"widget\" data-e-type=\"widget\" data-widget_type=\"image.default\">\n\t\t\t\t<div class=\"elementor-widget-container\">\n\t\t\t\t\t\t\t\t\t\t\t\t\t\t\t<img loading=\"lazy\" decoding=\"async\" width=\"800\" height=\"1067\" src=\"https:\/\/cannoni-conrad.com\/wp-content\/uploads\/2023\/06\/Immagine-WhatsApp-2023-06-07-ore-14.00.07.jpg\" class=\"attachment-large size-large wp-image-92237\" alt=\"\" srcset=\"https:\/\/cannoni-conrad.com\/wp-content\/uploads\/2023\/06\/Immagine-WhatsApp-2023-06-07-ore-14.00.07.jpg 1500w, https:\/\/cannoni-conrad.com\/wp-content\/uploads\/2023\/06\/Immagine-WhatsApp-2023-06-07-ore-14.00.07-800x1067.jpg 800w, https:\/\/cannoni-conrad.com\/wp-content\/uploads\/2023\/06\/Immagine-WhatsApp-2023-06-07-ore-14.00.07-768x1024.jpg 768w, https:\/\/cannoni-conrad.com\/wp-content\/uploads\/2023\/06\/Immagine-WhatsApp-2023-06-07-ore-14.00.07-1152x1536.jpg 1152w, https:\/\/cannoni-conrad.com\/wp-content\/uploads\/2023\/06\/Immagine-WhatsApp-2023-06-07-ore-14.00.07-9x12.jpg 9w\" sizes=\"auto, (max-width: 800px) 100vw, 800px\" \/>\t\t\t\t\t\t\t\t\t\t\t\t\t\t\t<\/div>\n\t\t\t\t<\/div>\n\t\t\t\t<div class=\"elementor-element elementor-element-00b145a elementor-widget elementor-widget-text-editor\" data-id=\"00b145a\" data-element_type=\"widget\" data-e-type=\"widget\" data-widget_type=\"text-editor.default\">\n\t\t\t\t<div class=\"elementor-widget-container\">\n\t\t\t\t\t\t\t\t\t<p>Cannoni-Conrad est\u00e1 presente con su selecci\u00f3n de ca\u00f1ones de pulverizaci\u00f3n antipolvo perfectos para la flota de alquiler:<\/p><p>\u00a0- F\u00e1cil de usar<\/p><p>- Alto rendimiento<\/p><p>- Maniobrable y f\u00e1cil de cargar, incluso en camiones peque\u00f1os<\/p><p>- Bomba de agua dentro de cada m\u00e1quina (no necesita presi\u00f3n de agua externa)<\/p><p>- PLC para la programaci\u00f3n autom\u00e1tica de los ciclos de rotaci\u00f3n y trabajo<\/p><p>- Bajo consumo<\/p><p>- Mantenimiento r\u00e1pido<\/p>\t\t\t\t\t\t\t\t<\/div>\n\t\t\t\t<\/div>\n\t\t\t\t\t<\/div>\n\t\t\t\t<\/div>\n\t\t<div class=\"elementor-element elementor-element-24305fc e-flex e-con-boxed e-con e-parent\" data-id=\"24305fc\" data-element_type=\"container\" data-e-type=\"container\">\n\t\t\t\t\t<div class=\"e-con-inner\">\n\t\t\t\t<div class=\"elementor-element elementor-element-0601d4f elementor-widget elementor-widget-text-editor\" data-id=\"0601d4f\" data-element_type=\"widget\" data-e-type=\"widget\" data-widget_type=\"text-editor.default\">\n\t\t\t\t<div class=\"elementor-widget-container\">\n\t\t\t\t\t\t\t\t\t<p>Todas nuestras m\u00e1quinas est\u00e1n dise\u00f1adas para ser inteligentes y de alto rendimiento, siempre pensando en las necesidades del cliente final: <strong>f\u00e1cil de usar, f\u00e1cil de mover<\/strong>.<\/p><p>De nuestros 40 a\u00f1os de experiencia en la venta y alquiler de maquinaria de demolici\u00f3n, movimiento de tierras y construcci\u00f3n, hemos pasado a otros campos como el reciclaje de inertes, canteras, reciclaje de residuos y muchas otras aplicaciones diferentes de control de polvo y olores.<\/p><p>haga clic y lea nuestro <a href=\"https:\/\/mailchi.mp\/15eed094804e\/buone-feste-da-cannoni-conrad-15818633?e=47d788cb62\">bolet\u00edn<\/a><\/p>\t\t\t\t\t\t\t\t<\/div>\n\t\t\t\t<\/div>\n\t\t\t\t<div class=\"elementor-element elementor-element-52986b1 elementor-widget elementor-widget-image\" data-id=\"52986b1\" data-element_type=\"widget\" data-e-type=\"widget\" data-widget_type=\"image.default\">\n\t\t\t\t<div class=\"elementor-widget-container\">\n\t\t\t\t\t\t\t\t\t\t\t\t\t\t\t<img loading=\"lazy\" decoding=\"async\" width=\"800\" height=\"600\" src=\"https:\/\/cannoni-conrad.com\/wp-content\/uploads\/2023\/06\/Immagine-WhatsApp-2023-06-06-ore-09.46.57.jpg\" class=\"attachment-large size-large wp-image-92229\" alt=\"\" srcset=\"https:\/\/cannoni-conrad.com\/wp-content\/uploads\/2023\/06\/Immagine-WhatsApp-2023-06-06-ore-09.46.57.jpg 2000w, https:\/\/cannoni-conrad.com\/wp-content\/uploads\/2023\/06\/Immagine-WhatsApp-2023-06-06-ore-09.46.57-800x600.jpg 800w, https:\/\/cannoni-conrad.com\/wp-content\/uploads\/2023\/06\/Immagine-WhatsApp-2023-06-06-ore-09.46.57-768x576.jpg 768w, https:\/\/cannoni-conrad.com\/wp-content\/uploads\/2023\/06\/Immagine-WhatsApp-2023-06-06-ore-09.46.57-1536x1152.jpg 1536w, https:\/\/cannoni-conrad.com\/wp-content\/uploads\/2023\/06\/Immagine-WhatsApp-2023-06-06-ore-09.46.57-16x12.jpg 16w\" sizes=\"auto, (max-width: 800px) 100vw, 800px\" \/>\t\t\t\t\t\t\t\t\t\t\t\t\t\t\t<\/div>\n\t\t\t\t<\/div>\n\t\t\t\t<div class=\"elementor-element elementor-element-e4b0a96 elementor-widget elementor-widget-text-editor\" data-id=\"e4b0a96\" data-element_type=\"widget\" data-e-type=\"widget\" data-widget_type=\"text-editor.default\">\n\t\t\t\t<div class=\"elementor-widget-container\">\n\t\t\t\t\t\t\t\t\t<p>Edici\u00f3n 2023 Feria del alquiler y la elevaci\u00f3n: IRE | APEX del 6 al 8 de junio de 2023 en el MECC - Maastricht - Pa\u00edses Bajos<\/p><p>En la foto, Celine Finco (Directora de Marketing) y Emanuele Rastelli (Director de Ventas)<\/p>\t\t\t\t\t\t\t\t<\/div>\n\t\t\t\t<\/div>\n\t\t\t\t\t<\/div>\n\t\t\t\t<\/div>\n\t\t\t\t<\/div>","protected":false},"excerpt":{"rendered":"<p>La International Rental Exhibition (IRE) e la Aerial Platform Exhibition (Apex) si apprestano a fare il loro ritorno&nbsp;dal 6 all\u20198 giugno&nbsp;nella tradizionale location del MECC di Maastricht. \u00c8 possibile&nbsp;registrarsi gratuitamente&nbsp;ad Apex e IRE all\u2019interno dei rispettivi siti web. L\u2019iscrizione a una delle due fiere consente l\u2019ingresso anche all\u2019altra. Un appuntamento imperdibile per i noleggiatori di [&hellip;]<\/p>\n","protected":false},"author":2,"featured_media":92230,"comment_status":"open","ping_status":"open","sticky":false,"template":"","format":"standard","meta":{"_acf_changed":false,"footnotes":""},"categories":[880,927],"tags":[1242,1240,1243,1241],"class_list":["post-92227","post","type-post","status-publish","format-standard","has-post-thumbnail","hentry","category-eventi","category-novita","tag-flotta-noleggio","tag-ire2023","tag-noleggiare-un-nebulizzatore","tag-rentalfleet"],"acf":[],"_links":{"self":[{"href":"https:\/\/cannoni-conrad.com\/es\/wp-json\/wp\/v2\/posts\/92227","targetHints":{"allow":["GET"]}}],"collection":[{"href":"https:\/\/cannoni-conrad.com\/es\/wp-json\/wp\/v2\/posts"}],"about":[{"href":"https:\/\/cannoni-conrad.com\/es\/wp-json\/wp\/v2\/types\/post"}],"author":[{"embeddable":true,"href":"https:\/\/cannoni-conrad.com\/es\/wp-json\/wp\/v2\/users\/2"}],"replies":[{"embeddable":true,"href":"https:\/\/cannoni-conrad.com\/es\/wp-json\/wp\/v2\/comments?post=92227"}],"version-history":[{"count":0,"href":"https:\/\/cannoni-conrad.com\/es\/wp-json\/wp\/v2\/posts\/92227\/revisions"}],"wp:featuredmedia":[{"embeddable":true,"href":"https:\/\/cannoni-conrad.com\/es\/wp-json\/wp\/v2\/media\/92230"}],"wp:attachment":[{"href":"https:\/\/cannoni-conrad.com\/es\/wp-json\/wp\/v2\/media?parent=92227"}],"wp:term":[{"taxonomy":"category","embeddable":true,"href":"https:\/\/cannoni-conrad.com\/es\/wp-json\/wp\/v2\/categories?post=92227"},{"taxonomy":"post_tag","embeddable":true,"href":"https:\/\/cannoni-conrad.com\/es\/wp-json\/wp\/v2\/tags?post=92227"}],"curies":[{"name":"wp","href":"https:\/\/api.w.org\/{rel}","templated":true}]}}